{"id":44627,"date":"2025-11-19T06:40:00","date_gmt":"2025-11-19T06:40:00","guid":{"rendered":"https:\/\/elukelele.com\/fr\/?p=44627"},"modified":"2025-11-19T06:40:01","modified_gmt":"2025-11-19T06:40:01","slug":"ema-star-academy-son-aventure-musicale-ses-projets","status":"publish","type":"post","link":"https:\/\/elukelele.com\/fr\/divertissement\/ema-star-academy-son-aventure-musicale-ses-projets\/","title":{"rendered":"Ema (Star Academy) : Son Aventure Musicale &amp; Ses Projets"},"content":{"rendered":"<p>Apr\u00e8s son parcours au sein de la c\u00e9l\u00e8bre \u00e9mission \u00ab\u00a0Star Academy\u00a0\u00bb, la candidate toulousaine Ema partage ses r\u00e9flexions sur cette exp\u00e9rience intense et d\u00e9cisive pour son avenir musical. L&rsquo;artiste, qui a marqu\u00e9 les esprits par sa d\u00e9termination et un d\u00e9part remarqu\u00e9, affirme avec conviction que \u00ab\u00a0la musique, c\u2019est mon plan A, B et C\u00a0\u00bb, soulignant ainsi l&rsquo;importance capitale de cette passion dans sa vie. Ema revient sur les moments cl\u00e9s de son aventure, ses rencontres, ses d\u00e9fis et ses projets, offrant un \u00e9clairage sur le cheminement d&rsquo;une artiste en devenir.<\/p>\n<h2>Une Aventure Formative \u00e0 la Star Academy<\/h2>\n<p>Le retour \u00e0 la r\u00e9alit\u00e9 apr\u00e8s plusieurs semaines pass\u00e9es au Ch\u00e2teau de la Star Academy n&rsquo;a pas \u00e9t\u00e9 synonyme de difficult\u00e9 pour Ema. Au contraire, la chanteuse toulousaine per\u00e7oit cette transition comme le d\u00e9but d&rsquo;une nouvelle \u00e9tape, riche en opportunit\u00e9s. \u00ab\u00a0Pour moi, il n\u2019y a rien qui s\u2019arr\u00eate maintenant. Au contraire, c\u2019est le d\u00e9but de plein de belles choses. J\u2019ai h\u00e2te de faire de nouvelles choses, de continuer la musique\u00a0\u00bb, confie-t-elle.<\/p>\n<p>Participer \u00e0 la Star Academy \u00e9tait un r\u00eave de longue date pour Ema. Apr\u00e8s un premier contact l&rsquo;ann\u00e9e pr\u00e9c\u00e9dente sans succ\u00e8s, elle a \u00e9t\u00e9 rappel\u00e9e pour les castings cette ann\u00e9e. Sa motivation \u00e9tait claire et in\u00e9branlable : la musique est au c\u0153ur de son existence. \u00ab\u00a0Je voulais vraiment la faire parce que la musique, c\u2019est ma passion, mon plan A, B et C. Je ne me vois nulle part ailleurs\u00a0\u00bb, explique la jeune artiste.<\/p>\n<h2>L&rsquo;\u00c9veil d&rsquo;une Passion Musicale<\/h2>\n<p>La passion d&rsquo;Ema pour la musique a commenc\u00e9 \u00e0 se d\u00e9velopper d\u00e8s l&rsquo;\u00e2ge de 14 ans, bien qu&rsquo;elle ait longtemps gard\u00e9 ses talents cach\u00e9s. Chantant en secret, elle n&rsquo;imaginait pas pouvoir en faire une carri\u00e8re. C&rsquo;est en 2022, en regardant une saison pr\u00e9c\u00e9dente de la Star Academy, qu&rsquo;elle r\u00e9alise l&rsquo;importance de poursuivre son r\u00eave, mis de c\u00f4t\u00e9 au profit d&rsquo;\u00e9tudes en psychologie \u00e0 Toulouse, puis en communication \u00e0 Paris. \u00ab\u00a0C\u2019est l\u00e0 que je me suis rendu compte que je passais \u00e0 c\u00f4t\u00e9 de mon r\u00eave\u00a0\u00bb, se souvient Ema. Cette prise de conscience l&rsquo;a pouss\u00e9e \u00e0 prendre des cours de chant, \u00e0 \u00e9crire ses propres chansons et \u00e0 s&rsquo;immerger dans le milieu musical, un signe du destin puisque l&rsquo;\u00e9mission qui l&rsquo;a inspir\u00e9e est venue ensuite \u00e0 elle.<\/p>\n<p>L&rsquo;exp\u00e9rience au ch\u00e2teau, bien que \u00ab\u00a0hyper intense, belle, parfois dure\u00a0\u00bb, a \u00e9t\u00e9 une source de croissance personnelle et artistique immense. Le rythme exigeant et les nombreuses \u00e9preuves ont contribu\u00e9 \u00e0 son d\u00e9veloppement. Elle souligne la chance de vivre des moments \u00ab\u00a0incroyables\u00a0\u00bb, comme se produire sur sc\u00e8ne devant un large public et r\u00e9aliser des duos avec des artistes reconnus.<\/p>\n<h2>Un D\u00e9part Marquant et R\u00e9fl\u00e9chi<\/h2>\n<p>Au-del\u00e0 de l&rsquo;apprentissage musical, la Star Academy a \u00e9t\u00e9 le th\u00e9\u00e2tre de rencontres humaines profondes pour Ema. Elle a tiss\u00e9 des liens d&rsquo;amiti\u00e9 forts, notamment avec Victor, qu&rsquo;elle d\u00e9crit comme un \u00ab\u00a0coup de foudre amical\u00a0\u00bb.<\/p>\n<p>Le d\u00e9part d&rsquo;Ema de l&rsquo;aventure a \u00e9t\u00e9 particuli\u00e8rement remarqu\u00e9, caract\u00e9ris\u00e9 par un geste altruiste. Lors de sa troisi\u00e8me nomination, elle a choisi de c\u00e9der sa place \u00e0 L\u00e9ane, qui en \u00e9tait \u00e0 sa premi\u00e8re nomination. Pour Ema, cette d\u00e9cision relevait de la justice et de l&rsquo;\u00e9quit\u00e9. \u00ab\u00a0Au bout d\u2019un moment, il faut \u00eatre juste. Tout le monde m\u00e9rite une seconde chance\u00a0\u00bb, affirme-t-elle, ajoutant qu&rsquo;apr\u00e8s avoir \u00e9t\u00e9 sauv\u00e9e deux fois par les \u00e9l\u00e8ves, il aurait \u00e9t\u00e9 \u00ab\u00a0\u00e9go\u00efste\u00a0\u00bb de remettre cette pression sur eux. Ce choix, qu&rsquo;elle qualifie de repr\u00e9sentatif de sa personnalit\u00e9, lui a permis de quitter le ch\u00e2teau avec le sentiment d&rsquo;avoir agi au mieux, quelle que soit la personne \u00e0 ses c\u00f4t\u00e9s.<\/p>\n<h2>Face au Monde Digital : Succ\u00e8s et D\u00e9fis<\/h2>\n<p>Pendant son s\u00e9jour au ch\u00e2teau, le titre d&rsquo;Ema, \u00ab\u00a0Lonely\u00a0\u00bb, a connu un succ\u00e8s notable, une surprise pour l&rsquo;artiste qui n&rsquo;avait \u00ab\u00a0pas d\u2019attente particuli\u00e8re\u00a0\u00bb pour ce morceau \u00ab\u00a0un peu niche, un peu alternatif\u00a0\u00bb. Cependant, l&rsquo;exposition m\u00e9diatique a \u00e9galement confront\u00e9 Ema \u00e0 la dure r\u00e9alit\u00e9 du cyberharc\u00e8lement. Bien que ces messages de haine aient pu l&rsquo;atteindre, elle a choisi de prendre du recul et de se concentrer sur le soutien et l&rsquo;amour de ses fans. \u00ab\u00a0Je me concentre uniquement sur le positif, l\u2019amour des gens, le soutien. Je ne me focalise pas sur le n\u00e9gatif, car ce n\u2019est pas \u00e7a qui me fera avancer\u00a0\u00bb, d\u00e9clare Ema, tout en soulignant la gravit\u00e9 du ph\u00e9nom\u00e8ne et la d\u00e9shumanisation des personnalit\u00e9s publiques.<\/p>\n<h2>Projets Futurs et Racines Toulousaines<\/h2>\n<p>Ema pr\u00e9voit de retourner tr\u00e8s prochainement dans sa ville natale, Toulouse, pour retrouver ses proches. Elle exprime sa fiert\u00e9 d&rsquo;avoir repr\u00e9sent\u00e9 sa ville et la force du soutien toulousain qu&rsquo;elle a ressentie, notamment de la part d&rsquo;artistes comme Oli. \u00ab\u00a0Je suis tr\u00e8s fi\u00e8re d\u2019\u00eatre Toulousaine, d\u2019avoir repr\u00e9sent\u00e9 ma ville. J\u2019esp\u00e8re que Toulouse est fi\u00e8re de moi\u00a0\u00bb, conclut-elle.<\/p>\n<h2>Conclusion<\/h2>\n<p>Le parcours d&rsquo;Ema \u00e0 la Star Academy a \u00e9t\u00e9 une \u00e9tape d\u00e9terminante, renfor\u00e7ant sa conviction que la musique est sa voie principale. Entre moments de joie, d\u00e9fis personnels et la d\u00e9couverte de l&rsquo;impact de la c\u00e9l\u00e9brit\u00e9, Ema \u00e9merge de cette aventure avec une vision claire pour son avenir. Forte de ses exp\u00e9riences et du soutien de son public, la candidate toulousaine est d\u00e9sormais pr\u00eate \u00e0 \u00e9crire le prochain chapitre de sa carri\u00e8re musicale, avec la m\u00eame passion et d\u00e9termination qui l&rsquo;ont anim\u00e9e depuis ses d\u00e9buts.<\/p>\n","protected":false},"excerpt":{"rendered":"<p>Apr\u00e8s son parcours au sein de la c\u00e9l\u00e8bre \u00e9mission \u00ab\u00a0Star Academy\u00a0\u00bb, la candidate toulousaine Ema partage ses r\u00e9flexions sur cette exp\u00e9rience intense et d\u00e9cisive pour son avenir musical. L&rsquo;artiste, qui a marqu\u00e9 les esprits par sa d\u00e9termination et un d\u00e9part remarqu\u00e9, affirme avec conviction que \u00ab\u00a0la musique, c\u2019est mon plan A, B et C\u00a0\u00bb, soulignant [&hellip;]<\/p>\n","protected":false},"author":4,"featured_media":44626,"comment_status":"open","ping_status":"open","sticky":false,"template":"","format":"standard","meta":{"_yoast_wpseo_title":"Ema (Star Academy) : Son Aventure Musicale & Ses Projets","_yoast_wpseo_metadesc":"D\u00e9couvrez le parcours d'Ema, candidate toulousaine de la Star Academy, et son amour inconditionnel pour la musique.","_yoast_wpseo_focuskw":"Ema"},"categories":[5],"tags":[],"class_list":["post-44627","post","type-post","status-publish","format-standard","has-post-thumbnail","hentry","category-divertissement"],"yoast_head":"<!-- This site is optimized with the Yoast SEO plugin v26.3 - https:\/\/yoast.com\/wordpress\/plugins\/seo\/ -->\n<title>Ema (Star Academy) : Son Aventure Musicale &amp; Ses Projets<\/title>\n<meta name=\"description\" content=\"D\u00e9couvrez le parcours d&#039;Ema, candidate toulousaine de la Star Academy, et son amour inconditionnel pour la musique.\" \/>\n<meta name=\"robots\" content=\"index, follow, max-snippet:-1, max-image-preview:large, max-video-preview:-1\" \/>\n<link rel=\"canonical\" href=\"https:\/\/elukelele.com\/fr\/divertissement\/ema-star-academy-son-aventure-musicale-ses-projets\/\" \/>\n<meta property=\"og:locale\" content=\"fr_FR\" \/>\n<meta property=\"og:type\" content=\"article\" \/>\n<meta property=\"og:title\" content=\"Ema (Star Academy) : Son Aventure Musicale &amp; Ses Projets\" \/>\n<meta property=\"og:description\" content=\"D\u00e9couvrez le parcours d&#039;Ema, candidate toulousaine de la Star Academy, et son amour inconditionnel pour la musique.\" \/>\n<meta property=\"og:url\" content=\"https:\/\/elukelele.com\/fr\/divertissement\/ema-star-academy-son-aventure-musicale-ses-projets\/\" \/>\n<meta property=\"og:site_name\" content=\"El Ukelele\" \/>\n<meta property=\"article:published_time\" content=\"2025-11-19T06:40:00+00:00\" \/>\n<meta property=\"article:modified_time\" content=\"2025-11-19T06:40:01+00:00\" \/>\n<meta property=\"og:image\" content=\"https:\/\/elukelele.com\/fr\/wp-content\/uploads\/2025\/11\/framed_only-24.png\" \/>\n\t<meta property=\"og:image:width\" content=\"1200\" \/>\n\t<meta property=\"og:image:height\" content=\"628\" \/>\n\t<meta property=\"og:image:type\" content=\"image\/png\" \/>\n<meta name=\"author\" content=\"Daniel Perrin\" \/>\n<meta name=\"twitter:card\" content=\"summary_large_image\" \/>\n<meta name=\"twitter:label1\" content=\"\u00c9crit par\" \/>\n\t<meta name=\"twitter:data1\" content=\"Daniel Perrin\" \/>\n\t<meta name=\"twitter:label2\" content=\"Dur\u00e9e de lecture estim\u00e9e\" \/>\n\t<meta name=\"twitter:data2\" content=\"5 minutes\" \/>\n<script type=\"application\/ld+json\" class=\"yoast-schema-graph\">{\"@context\":\"https:\/\/schema.org\",\"@graph\":[{\"@type\":\"WebPage\",\"@id\":\"https:\/\/elukelele.com\/fr\/divertissement\/ema-star-academy-son-aventure-musicale-ses-projets\/\",\"url\":\"https:\/\/elukelele.com\/fr\/divertissement\/ema-star-academy-son-aventure-musicale-ses-projets\/\",\"name\":\"Ema (Star Academy) : Son Aventure Musicale & Ses Projets\",\"isPartOf\":{\"@id\":\"https:\/\/elukelele.com\/fr\/#website\"},\"primaryImageOfPage\":{\"@id\":\"https:\/\/elukelele.com\/fr\/divertissement\/ema-star-academy-son-aventure-musicale-ses-projets\/#primaryimage\"},\"image\":{\"@id\":\"https:\/\/elukelele.com\/fr\/divertissement\/ema-star-academy-son-aventure-musicale-ses-projets\/#primaryimage\"},\"thumbnailUrl\":\"https:\/\/elukelele.com\/fr\/wp-content\/uploads\/2025\/11\/framed_only-24.png\",\"datePublished\":\"2025-11-19T06:40:00+00:00\",\"dateModified\":\"2025-11-19T06:40:01+00:00\",\"author\":{\"@id\":\"https:\/\/elukelele.com\/fr\/#\/schema\/person\/ccfb3d2be2ec7fa389608eb6da0b38d6\"},\"description\":\"D\u00e9couvrez le parcours d'Ema, candidate toulousaine de la Star Academy, et son amour inconditionnel pour la musique.\",\"breadcrumb\":{\"@id\":\"https:\/\/elukelele.com\/fr\/divertissement\/ema-star-academy-son-aventure-musicale-ses-projets\/#breadcrumb\"},\"inLanguage\":\"fr-FR\",\"potentialAction\":[{\"@type\":\"ReadAction\",\"target\":[\"https:\/\/elukelele.com\/fr\/divertissement\/ema-star-academy-son-aventure-musicale-ses-projets\/\"]}]},{\"@type\":\"ImageObject\",\"inLanguage\":\"fr-FR\",\"@id\":\"https:\/\/elukelele.com\/fr\/divertissement\/ema-star-academy-son-aventure-musicale-ses-projets\/#primaryimage\",\"url\":\"https:\/\/elukelele.com\/fr\/wp-content\/uploads\/2025\/11\/framed_only-24.png\",\"contentUrl\":\"https:\/\/elukelele.com\/fr\/wp-content\/uploads\/2025\/11\/framed_only-24.png\",\"width\":1200,\"height\":628,\"caption\":\"Ema\"},{\"@type\":\"BreadcrumbList\",\"@id\":\"https:\/\/elukelele.com\/fr\/divertissement\/ema-star-academy-son-aventure-musicale-ses-projets\/#breadcrumb\",\"itemListElement\":[{\"@type\":\"ListItem\",\"position\":1,\"name\":\"Home\",\"item\":\"https:\/\/elukelele.com\/fr\/\"},{\"@type\":\"ListItem\",\"position\":2,\"name\":\"Ema (Star Academy) : Son Aventure Musicale &amp; Ses Projets\"}]},{\"@type\":\"WebSite\",\"@id\":\"https:\/\/elukelele.com\/fr\/#website\",\"url\":\"https:\/\/elukelele.com\/fr\/\",\"name\":\"El Ukelele\",\"description\":\"Musique au-del\u00e0 de l&#039;indie\",\"potentialAction\":[{\"@type\":\"SearchAction\",\"target\":{\"@type\":\"EntryPoint\",\"urlTemplate\":\"https:\/\/elukelele.com\/fr\/?s={search_term_string}\"},\"query-input\":{\"@type\":\"PropertyValueSpecification\",\"valueRequired\":true,\"valueName\":\"search_term_string\"}}],\"inLanguage\":\"fr-FR\"},{\"@type\":\"Person\",\"@id\":\"https:\/\/elukelele.com\/fr\/#\/schema\/person\/ccfb3d2be2ec7fa389608eb6da0b38d6\",\"name\":\"Daniel Perrin\",\"image\":{\"@type\":\"ImageObject\",\"inLanguage\":\"fr-FR\",\"@id\":\"https:\/\/elukelele.com\/fr\/#\/schema\/person\/image\/\",\"url\":\"https:\/\/secure.gravatar.com\/avatar\/37f9d9ffa29ce5640a0d9c6ca8bbd90afb854014296ecaa0e3a558ac716e6fe4?s=96&d=mm&r=g\",\"contentUrl\":\"https:\/\/secure.gravatar.com\/avatar\/37f9d9ffa29ce5640a0d9c6ca8bbd90afb854014296ecaa0e3a558ac716e6fe4?s=96&d=mm&r=g\",\"caption\":\"Daniel Perrin\"},\"sameAs\":[\"https:\/\/elukelele.com\/fr\"],\"url\":\"https:\/\/elukelele.com\/fr\/author\/daniel-perrin\/\"}]}<\/script>\n<!-- \/ Yoast SEO plugin. -->","yoast_head_json":{"title":"Ema (Star Academy) : Son Aventure Musicale & Ses Projets","description":"D\u00e9couvrez le parcours d'Ema, candidate toulousaine de la Star Academy, et son amour inconditionnel pour la musique.","robots":{"index":"index","follow":"follow","max-snippet":"max-snippet:-1","max-image-preview":"max-image-preview:large","max-video-preview":"max-video-preview:-1"},"canonical":"https:\/\/elukelele.com\/fr\/divertissement\/ema-star-academy-son-aventure-musicale-ses-projets\/","og_locale":"fr_FR","og_type":"article","og_title":"Ema (Star Academy) : Son Aventure Musicale & Ses Projets","og_description":"D\u00e9couvrez le parcours d'Ema, candidate toulousaine de la Star Academy, et son amour inconditionnel pour la musique.","og_url":"https:\/\/elukelele.com\/fr\/divertissement\/ema-star-academy-son-aventure-musicale-ses-projets\/","og_site_name":"El Ukelele","article_published_time":"2025-11-19T06:40:00+00:00","article_modified_time":"2025-11-19T06:40:01+00:00","og_image":[{"width":1200,"height":628,"url":"https:\/\/elukelele.com\/fr\/wp-content\/uploads\/2025\/11\/framed_only-24.png","type":"image\/png"}],"author":"Daniel Perrin","twitter_card":"summary_large_image","twitter_misc":{"\u00c9crit par":"Daniel Perrin","Dur\u00e9e de lecture estim\u00e9e":"5 minutes"},"schema":{"@context":"https:\/\/schema.org","@graph":[{"@type":"WebPage","@id":"https:\/\/elukelele.com\/fr\/divertissement\/ema-star-academy-son-aventure-musicale-ses-projets\/","url":"https:\/\/elukelele.com\/fr\/divertissement\/ema-star-academy-son-aventure-musicale-ses-projets\/","name":"Ema (Star Academy) : Son Aventure Musicale & Ses Projets","isPartOf":{"@id":"https:\/\/elukelele.com\/fr\/#website"},"primaryImageOfPage":{"@id":"https:\/\/elukelele.com\/fr\/divertissement\/ema-star-academy-son-aventure-musicale-ses-projets\/#primaryimage"},"image":{"@id":"https:\/\/elukelele.com\/fr\/divertissement\/ema-star-academy-son-aventure-musicale-ses-projets\/#primaryimage"},"thumbnailUrl":"https:\/\/elukelele.com\/fr\/wp-content\/uploads\/2025\/11\/framed_only-24.png","datePublished":"2025-11-19T06:40:00+00:00","dateModified":"2025-11-19T06:40:01+00:00","author":{"@id":"https:\/\/elukelele.com\/fr\/#\/schema\/person\/ccfb3d2be2ec7fa389608eb6da0b38d6"},"description":"D\u00e9couvrez le parcours d'Ema, candidate toulousaine de la Star Academy, et son amour inconditionnel pour la musique.","breadcrumb":{"@id":"https:\/\/elukelele.com\/fr\/divertissement\/ema-star-academy-son-aventure-musicale-ses-projets\/#breadcrumb"},"inLanguage":"fr-FR","potentialAction":[{"@type":"ReadAction","target":["https:\/\/elukelele.com\/fr\/divertissement\/ema-star-academy-son-aventure-musicale-ses-projets\/"]}]},{"@type":"ImageObject","inLanguage":"fr-FR","@id":"https:\/\/elukelele.com\/fr\/divertissement\/ema-star-academy-son-aventure-musicale-ses-projets\/#primaryimage","url":"https:\/\/elukelele.com\/fr\/wp-content\/uploads\/2025\/11\/framed_only-24.png","contentUrl":"https:\/\/elukelele.com\/fr\/wp-content\/uploads\/2025\/11\/framed_only-24.png","width":1200,"height":628,"caption":"Ema"},{"@type":"BreadcrumbList","@id":"https:\/\/elukelele.com\/fr\/divertissement\/ema-star-academy-son-aventure-musicale-ses-projets\/#breadcrumb","itemListElement":[{"@type":"ListItem","position":1,"name":"Home","item":"https:\/\/elukelele.com\/fr\/"},{"@type":"ListItem","position":2,"name":"Ema (Star Academy) : Son Aventure Musicale &amp; Ses Projets"}]},{"@type":"WebSite","@id":"https:\/\/elukelele.com\/fr\/#website","url":"https:\/\/elukelele.com\/fr\/","name":"El Ukelele","description":"Musique au-del\u00e0 de l&#039;indie","potentialAction":[{"@type":"SearchAction","target":{"@type":"EntryPoint","urlTemplate":"https:\/\/elukelele.com\/fr\/?s={search_term_string}"},"query-input":{"@type":"PropertyValueSpecification","valueRequired":true,"valueName":"search_term_string"}}],"inLanguage":"fr-FR"},{"@type":"Person","@id":"https:\/\/elukelele.com\/fr\/#\/schema\/person\/ccfb3d2be2ec7fa389608eb6da0b38d6","name":"Daniel Perrin","image":{"@type":"ImageObject","inLanguage":"fr-FR","@id":"https:\/\/elukelele.com\/fr\/#\/schema\/person\/image\/","url":"https:\/\/secure.gravatar.com\/avatar\/37f9d9ffa29ce5640a0d9c6ca8bbd90afb854014296ecaa0e3a558ac716e6fe4?s=96&d=mm&r=g","contentUrl":"https:\/\/secure.gravatar.com\/avatar\/37f9d9ffa29ce5640a0d9c6ca8bbd90afb854014296ecaa0e3a558ac716e6fe4?s=96&d=mm&r=g","caption":"Daniel Perrin"},"sameAs":["https:\/\/elukelele.com\/fr"],"url":"https:\/\/elukelele.com\/fr\/author\/daniel-perrin\/"}]}},"_links":{"self":[{"href":"https:\/\/elukelele.com\/fr\/wp-json\/wp\/v2\/posts\/44627","targetHints":{"allow":["GET"]}}],"collection":[{"href":"https:\/\/elukelele.com\/fr\/wp-json\/wp\/v2\/posts"}],"about":[{"href":"https:\/\/elukelele.com\/fr\/wp-json\/wp\/v2\/types\/post"}],"author":[{"embeddable":true,"href":"https:\/\/elukelele.com\/fr\/wp-json\/wp\/v2\/users\/4"}],"replies":[{"embeddable":true,"href":"https:\/\/elukelele.com\/fr\/wp-json\/wp\/v2\/comments?post=44627"}],"version-history":[{"count":1,"href":"https:\/\/elukelele.com\/fr\/wp-json\/wp\/v2\/posts\/44627\/revisions"}],"predecessor-version":[{"id":44939,"href":"https:\/\/elukelele.com\/fr\/wp-json\/wp\/v2\/posts\/44627\/revisions\/44939"}],"wp:featuredmedia":[{"embeddable":true,"href":"https:\/\/elukelele.com\/fr\/wp-json\/wp\/v2\/media\/44626"}],"wp:attachment":[{"href":"https:\/\/elukelele.com\/fr\/wp-json\/wp\/v2\/media?parent=44627"}],"wp:term":[{"taxonomy":"category","embeddable":true,"href":"https:\/\/elukelele.com\/fr\/wp-json\/wp\/v2\/categories?post=44627"},{"taxonomy":"post_tag","embeddable":true,"href":"https:\/\/elukelele.com\/fr\/wp-json\/wp\/v2\/tags?post=44627"}],"curies":[{"name":"wp","href":"https:\/\/api.w.org\/{rel}","templated":true}]}}