{"id":44574,"date":"2025-11-17T12:11:37","date_gmt":"2025-11-17T12:11:37","guid":{"rendered":"https:\/\/elukelele.com\/fr\/?p=44574"},"modified":"2025-11-17T12:11:38","modified_gmt":"2025-11-17T12:11:38","slug":"jane-fonda-reflechit-a-une-annee-difficile-marquee-par-de-profondes-pertes","status":"publish","type":"post","link":"https:\/\/elukelele.com\/fr\/uncategorized\/jane-fonda-reflechit-a-une-annee-difficile-marquee-par-de-profondes-pertes\/","title":{"rendered":"Jane Fonda R\u00e9fl\u00e9chit \u00e0 une Ann\u00e9e Difficile Marqu\u00e9e par de Profondes Pertes"},"content":{"rendered":"\n<p>Jane Fonda se confie sur ce qu&rsquo;elle d\u00e9crit comme l&rsquo;une des ann\u00e9es les plus difficiles de sa vie, une ann\u00e9e marqu\u00e9e par un deuil profond et une grande introspection. Connue pour sa force de caract\u00e8re, son engagement et sa carri\u00e8re embl\u00e9matique, Fonda admet que 2023 l&rsquo;a forc\u00e9e \u00e0 affronter la fragilit\u00e9 de la vie d&rsquo;une mani\u00e8re inattendue. Lors d&rsquo;une r\u00e9cente apparition publique, elle a reconnu avec sinc\u00e9rit\u00e9 que le poids du chagrin avait profond\u00e9ment marqu\u00e9 son ann\u00e9e.<\/p>\n\n\n\n<h2 class=\"wp-block-heading\"><strong>Une ann\u00e9e marqu\u00e9e par les adieux<\/strong><\/h2>\n\n\n\n<p>Lors de son discours \u00e0 la soir\u00e9e EmPower de la Georgia Campaign for Adolescent Power &amp; Potential, Fonda a confi\u00e9 que l&rsquo;ann\u00e9e avait \u00e9t\u00e9 marqu\u00e9e par des adieux \u00e0 des amis qui avaient jou\u00e9 un r\u00f4le important dans sa vie. Elle a expliqu\u00e9 que ces pertes n&rsquo;\u00e9taient pas de simples connaissances, mais le d\u00e9part de personnes qui avaient profond\u00e9ment influenc\u00e9 son parcours personnel et professionnel. \u00ab&nbsp;L&rsquo;ann\u00e9e a \u00e9t\u00e9 difficile&nbsp;\u00bb, a-t-elle d\u00e9clar\u00e9, soulignant qu&rsquo;avec l&rsquo;\u00e2ge vient la prise de conscience soudaine de la rapidit\u00e9 avec laquelle le temps passe et de la discr\u00e9tion avec laquelle les \u00eatres chers peuvent nous quitter.<\/p>\n\n\n\n<h2 class=\"wp-block-heading\"><strong>Se souvenir des liens qui ont fa\u00e7onn\u00e9 sa carri\u00e8re<\/strong><\/h2>\n\n\n\n<p>Fonda a pris le temps de se rem\u00e9morer les d\u00e9cennies d&rsquo;amiti\u00e9s et de collaborations qui ont contribu\u00e9 \u00e0 fa\u00e7onner sa carri\u00e8re. Elle a \u00e9voqu\u00e9 ses coll\u00e8gues acteurs, r\u00e9alisateurs et soutiens de longue date de son engagement militant, qui ont grandement contribu\u00e9 \u00e0 son \u00e9panouissement. Ces personnes l&rsquo;ont soutenue lors d&rsquo;\u00e9v\u00e9nements marquants, d&rsquo;avanc\u00e9es cr\u00e9atives et d&rsquo;\u00e9preuves partag\u00e9es. Elle a notamment \u00e9voqu\u00e9 une projection sp\u00e9ciale de<em>Pieds nus dans le parc<\/em>Organis\u00e9e pour soutenir sa campagne en G\u00e9orgie, cette r\u00e9union a permis, selon elle, de se souvenir de la pr\u00e9sence et des encouragements de ses amis ce jour-l\u00e0. Elle a \u00e9voqu\u00e9 avec \u00e9motion le sentiment d&rsquo;appartenance et de camaraderie qui caract\u00e9risait leurs relations.<\/p>\n\n\n\n<h2 class=\"wp-block-heading\"><strong>Choc, tristesse et le poids du vieillissement<\/strong><\/h2>\n\n\n\n<p>Plusieurs des pertes subies par Fonda cette ann\u00e9e ont \u00e9t\u00e9 inattendues, et elle a reconnu que le choc avait intensifi\u00e9 son chagrin. Elle a \u00e9voqu\u00e9 des conversations r\u00e9centes avec des amis d\u00e9c\u00e9d\u00e9s peu de temps apr\u00e8s elle, admettant que ces pertes soudaines l&rsquo;avaient amen\u00e9e \u00e0 r\u00e9fl\u00e9chir \u00e0 l&rsquo;impr\u00e9visibilit\u00e9 de la vie. \u00ab On vieillit, et tout le monde commence \u00e0 dispara\u00eetre autour de soi \u00bb, a-t-elle observ\u00e9, exprimant ainsi le poids \u00e9motionnel du vieillissement. Fonda a expliqu\u00e9 que cette exp\u00e9rience l&rsquo;avait pouss\u00e9e \u00e0 affronter sa propre vuln\u00e9rabilit\u00e9 tout en lui faisant ressentir une gratitude renouvel\u00e9e pour ceux qui restent.<\/p>\n\n\n\n<h2 class=\"wp-block-heading\"><strong>Honorer l&rsquo;esprit d&rsquo;amiti\u00e9<\/strong><\/h2>\n\n\n\n<p>Malgr\u00e9 l&rsquo;immense chagrin qui l&rsquo;accable, Jane Fonda a tenu \u00e0 honorer la m\u00e9moire de ceux qui lui ont quitt\u00e9. Elle a trouv\u00e9 du r\u00e9confort en partageant des anecdotes, en publiant des hommages sinc\u00e8res et en se rem\u00e9morant des moments pr\u00e9cieux de collaborations pass\u00e9es. Dans un hommage, elle a d\u00e9crit une amie comme \u00ab une \u00e9tincelle de vie \u2013 cr\u00e9ative, dr\u00f4le, unique en son genre \u00bb, soulignant que l&rsquo;impact de telles personnes ne s&rsquo;\u00e9teint pas avec leur disparition. Jane Fonda est convaincue qu&rsquo;honorer ses amis contribue \u00e0 faire vivre leur souvenir et lui rappelle la joie qu&rsquo;ils ont apport\u00e9e \u00e0 sa vie et \u00e0 celle de tant d&rsquo;autres.<\/p>\n\n\n\n<h2 class=\"wp-block-heading\"><strong>Trouver la force d&rsquo;aller de l&rsquo;avant<\/strong><\/h2>\n\n\n\n<p>Pour l&rsquo;avenir, Fonda confie apprendre \u00e0 traverser le deuil avec s\u00e9r\u00e9nit\u00e9 en se concentrant sur son travail, son militantisme et les relations qui continuent d&rsquo;enrichir sa vie. Elle souligne que ce processus lui a appris \u00e0 \u00e9quilibrer la tristesse et la gratitude, puisant sa force dans les souvenirs plut\u00f4t que de s&rsquo;attarder uniquement sur la perte. \u00ab Perdre des \u00eatres chers nous rappelle d&rsquo;aimer plus fort, d&rsquo;\u00eatre pr\u00e9sents, d&rsquo;appr\u00e9cier chaque instant \u00bb, a-t-elle d\u00e9clar\u00e9. Sa vuln\u00e9rabilit\u00e9 a profond\u00e9ment touch\u00e9 son auditoire, rappelant avec force que m\u00eame les ic\u00f4nes sont marqu\u00e9es par la perte \u2013 et renforc\u00e9es par la fa\u00e7on dont elles choisissent de la vivre.<\/p>\n\n\n\n<h2 class=\"wp-block-heading\"><strong>Conclusion<\/strong><\/h2>\n\n\n\n<p>Les r\u00e9flexions de Jane Fonda sur cette ann\u00e9e \u00e9prouvante nous rappellent avec \u00e9motion l&rsquo;universalit\u00e9 du deuil. Si son exp\u00e9rience se d\u00e9roule sous le regard du public, les \u00e9motions qu&rsquo;elle d\u00e9crit \u2013 choc, chagrin, amour et r\u00e9silience \u2013 sont profond\u00e9ment humaines et universelles. Sa volont\u00e9 de parler ouvertement de la perte honore non seulement la m\u00e9moire de ses amis les plus chers, mais offre aussi du r\u00e9confort \u00e0 celles et ceux qui traversent des \u00e9preuves similaires. Alors que Jane Fonda poursuit son chemin, elle le fait avec une appr\u00e9ciation renouvel\u00e9e des liens qui nous unissent, du sens de notre vie et de la beaut\u00e9 fragile de chaque instant, emportant avec elle l&rsquo;influence ind\u00e9l\u00e9bile de ceux qui ont contribu\u00e9 \u00e0 fa\u00e7onner son existence hors du commun.<\/p>\n","protected":false},"excerpt":{"rendered":"<p>Jane Fonda se confie sur ce qu&rsquo;elle d\u00e9crit comme l&rsquo;une des ann\u00e9es les plus difficiles de sa vie, une ann\u00e9e marqu\u00e9e par un deuil profond et une grande introspection. Connue pour sa force de caract\u00e8re, son engagement et sa carri\u00e8re embl\u00e9matique, Fonda admet que 2023 l&rsquo;a forc\u00e9e \u00e0 affronter la fragilit\u00e9 de la vie d&rsquo;une [&hellip;]<\/p>\n","protected":false},"author":5,"featured_media":44575,"comment_status":"open","ping_status":"open","sticky":false,"template":"","format":"standard","meta":{"_yoast_wpseo_title":"Jane Fonda R\u00e9fl\u00e9chit \u00e0 une Ann\u00e9e Difficile Marqu\u00e9e par de Profondes Pertes","_yoast_wpseo_metadesc":"","_yoast_wpseo_focuskw":"Jane Fonda"},"categories":[1],"tags":[],"class_list":["post-44574","post","type-post","status-publish","format-standard","has-post-thumbnail","hentry","category-uncategorized"],"yoast_head":"<!-- This site is optimized with the Yoast SEO plugin v26.3 - https:\/\/yoast.com\/wordpress\/plugins\/seo\/ -->\n<title>Jane Fonda R\u00e9fl\u00e9chit \u00e0 une Ann\u00e9e Difficile Marqu\u00e9e par de Profondes Pertes<\/title>\n<meta name=\"robots\" content=\"index, follow, max-snippet:-1, max-image-preview:large, max-video-preview:-1\" \/>\n<link rel=\"canonical\" href=\"https:\/\/elukelele.com\/fr\/uncategorized\/jane-fonda-reflechit-a-une-annee-difficile-marquee-par-de-profondes-pertes\/\" \/>\n<meta property=\"og:locale\" content=\"fr_FR\" \/>\n<meta property=\"og:type\" content=\"article\" \/>\n<meta property=\"og:title\" content=\"Jane Fonda R\u00e9fl\u00e9chit \u00e0 une Ann\u00e9e Difficile Marqu\u00e9e par de Profondes Pertes\" \/>\n<meta property=\"og:description\" content=\"Jane Fonda se confie sur ce qu&rsquo;elle d\u00e9crit comme l&rsquo;une des ann\u00e9es les plus difficiles de sa vie, une ann\u00e9e marqu\u00e9e par un deuil profond et une grande introspection. Connue pour sa force de caract\u00e8re, son engagement et sa carri\u00e8re embl\u00e9matique, Fonda admet que 2023 l&rsquo;a forc\u00e9e \u00e0 affronter la fragilit\u00e9 de la vie d&rsquo;une [&hellip;]\" \/>\n<meta property=\"og:url\" content=\"https:\/\/elukelele.com\/fr\/uncategorized\/jane-fonda-reflechit-a-une-annee-difficile-marquee-par-de-profondes-pertes\/\" \/>\n<meta property=\"og:site_name\" content=\"El Ukelele\" \/>\n<meta property=\"article:published_time\" content=\"2025-11-17T12:11:37+00:00\" \/>\n<meta property=\"article:modified_time\" content=\"2025-11-17T12:11:38+00:00\" \/>\n<meta property=\"og:image\" content=\"https:\/\/elukelele.com\/fr\/wp-content\/uploads\/2025\/11\/Jane-Fonda.webp\" \/>\n\t<meta property=\"og:image:width\" content=\"1200\" \/>\n\t<meta property=\"og:image:height\" content=\"700\" \/>\n\t<meta property=\"og:image:type\" content=\"image\/webp\" \/>\n<meta name=\"author\" content=\"Leonard Acosta\" \/>\n<meta name=\"twitter:card\" content=\"summary_large_image\" \/>\n<meta name=\"twitter:label1\" content=\"\u00c9crit par\" \/>\n\t<meta name=\"twitter:data1\" content=\"Leonard Acosta\" \/>\n\t<meta name=\"twitter:label2\" content=\"Dur\u00e9e de lecture estim\u00e9e\" \/>\n\t<meta name=\"twitter:data2\" content=\"5 minutes\" \/>\n<script type=\"application\/ld+json\" class=\"yoast-schema-graph\">{\"@context\":\"https:\/\/schema.org\",\"@graph\":[{\"@type\":\"WebPage\",\"@id\":\"https:\/\/elukelele.com\/fr\/uncategorized\/jane-fonda-reflechit-a-une-annee-difficile-marquee-par-de-profondes-pertes\/\",\"url\":\"https:\/\/elukelele.com\/fr\/uncategorized\/jane-fonda-reflechit-a-une-annee-difficile-marquee-par-de-profondes-pertes\/\",\"name\":\"Jane Fonda R\u00e9fl\u00e9chit \u00e0 une Ann\u00e9e Difficile Marqu\u00e9e par de Profondes Pertes\",\"isPartOf\":{\"@id\":\"https:\/\/elukelele.com\/fr\/#website\"},\"primaryImageOfPage\":{\"@id\":\"https:\/\/elukelele.com\/fr\/uncategorized\/jane-fonda-reflechit-a-une-annee-difficile-marquee-par-de-profondes-pertes\/#primaryimage\"},\"image\":{\"@id\":\"https:\/\/elukelele.com\/fr\/uncategorized\/jane-fonda-reflechit-a-une-annee-difficile-marquee-par-de-profondes-pertes\/#primaryimage\"},\"thumbnailUrl\":\"https:\/\/elukelele.com\/fr\/wp-content\/uploads\/2025\/11\/Jane-Fonda.webp\",\"datePublished\":\"2025-11-17T12:11:37+00:00\",\"dateModified\":\"2025-11-17T12:11:38+00:00\",\"author\":{\"@id\":\"https:\/\/elukelele.com\/fr\/#\/schema\/person\/b244c5a3dbfe03dfac2a278b02f24319\"},\"breadcrumb\":{\"@id\":\"https:\/\/elukelele.com\/fr\/uncategorized\/jane-fonda-reflechit-a-une-annee-difficile-marquee-par-de-profondes-pertes\/#breadcrumb\"},\"inLanguage\":\"fr-FR\",\"potentialAction\":[{\"@type\":\"ReadAction\",\"target\":[\"https:\/\/elukelele.com\/fr\/uncategorized\/jane-fonda-reflechit-a-une-annee-difficile-marquee-par-de-profondes-pertes\/\"]}]},{\"@type\":\"ImageObject\",\"inLanguage\":\"fr-FR\",\"@id\":\"https:\/\/elukelele.com\/fr\/uncategorized\/jane-fonda-reflechit-a-une-annee-difficile-marquee-par-de-profondes-pertes\/#primaryimage\",\"url\":\"https:\/\/elukelele.com\/fr\/wp-content\/uploads\/2025\/11\/Jane-Fonda.webp\",\"contentUrl\":\"https:\/\/elukelele.com\/fr\/wp-content\/uploads\/2025\/11\/Jane-Fonda.webp\",\"width\":1200,\"height\":700,\"caption\":\"Jane Fonda\"},{\"@type\":\"BreadcrumbList\",\"@id\":\"https:\/\/elukelele.com\/fr\/uncategorized\/jane-fonda-reflechit-a-une-annee-difficile-marquee-par-de-profondes-pertes\/#breadcrumb\",\"itemListElement\":[{\"@type\":\"ListItem\",\"position\":1,\"name\":\"Home\",\"item\":\"https:\/\/elukelele.com\/fr\/\"},{\"@type\":\"ListItem\",\"position\":2,\"name\":\"Jane Fonda R\u00e9fl\u00e9chit \u00e0 une Ann\u00e9e Difficile Marqu\u00e9e par de Profondes Pertes\"}]},{\"@type\":\"WebSite\",\"@id\":\"https:\/\/elukelele.com\/fr\/#website\",\"url\":\"https:\/\/elukelele.com\/fr\/\",\"name\":\"El Ukelele\",\"description\":\"Musique au-del\u00e0 de l&#039;indie\",\"potentialAction\":[{\"@type\":\"SearchAction\",\"target\":{\"@type\":\"EntryPoint\",\"urlTemplate\":\"https:\/\/elukelele.com\/fr\/?s={search_term_string}\"},\"query-input\":{\"@type\":\"PropertyValueSpecification\",\"valueRequired\":true,\"valueName\":\"search_term_string\"}}],\"inLanguage\":\"fr-FR\"},{\"@type\":\"Person\",\"@id\":\"https:\/\/elukelele.com\/fr\/#\/schema\/person\/b244c5a3dbfe03dfac2a278b02f24319\",\"name\":\"Leonard Acosta\",\"image\":{\"@type\":\"ImageObject\",\"inLanguage\":\"fr-FR\",\"@id\":\"https:\/\/elukelele.com\/fr\/#\/schema\/person\/image\/\",\"url\":\"https:\/\/secure.gravatar.com\/avatar\/9a4151cab1bcf54461dc177aab397fb3edb3dccb7ba7f99e85786bd1810db9b1?s=96&d=mm&r=g\",\"contentUrl\":\"https:\/\/secure.gravatar.com\/avatar\/9a4151cab1bcf54461dc177aab397fb3edb3dccb7ba7f99e85786bd1810db9b1?s=96&d=mm&r=g\",\"caption\":\"Leonard Acosta\"},\"url\":\"https:\/\/elukelele.com\/fr\/author\/leonard-acosta\/\"}]}<\/script>\n<!-- \/ Yoast SEO plugin. -->","yoast_head_json":{"title":"Jane Fonda R\u00e9fl\u00e9chit \u00e0 une Ann\u00e9e Difficile Marqu\u00e9e par de Profondes Pertes","robots":{"index":"index","follow":"follow","max-snippet":"max-snippet:-1","max-image-preview":"max-image-preview:large","max-video-preview":"max-video-preview:-1"},"canonical":"https:\/\/elukelele.com\/fr\/uncategorized\/jane-fonda-reflechit-a-une-annee-difficile-marquee-par-de-profondes-pertes\/","og_locale":"fr_FR","og_type":"article","og_title":"Jane Fonda R\u00e9fl\u00e9chit \u00e0 une Ann\u00e9e Difficile Marqu\u00e9e par de Profondes Pertes","og_description":"Jane Fonda se confie sur ce qu&rsquo;elle d\u00e9crit comme l&rsquo;une des ann\u00e9es les plus difficiles de sa vie, une ann\u00e9e marqu\u00e9e par un deuil profond et une grande introspection. Connue pour sa force de caract\u00e8re, son engagement et sa carri\u00e8re embl\u00e9matique, Fonda admet que 2023 l&rsquo;a forc\u00e9e \u00e0 affronter la fragilit\u00e9 de la vie d&rsquo;une [&hellip;]","og_url":"https:\/\/elukelele.com\/fr\/uncategorized\/jane-fonda-reflechit-a-une-annee-difficile-marquee-par-de-profondes-pertes\/","og_site_name":"El Ukelele","article_published_time":"2025-11-17T12:11:37+00:00","article_modified_time":"2025-11-17T12:11:38+00:00","og_image":[{"width":1200,"height":700,"url":"https:\/\/elukelele.com\/fr\/wp-content\/uploads\/2025\/11\/Jane-Fonda.webp","type":"image\/webp"}],"author":"Leonard Acosta","twitter_card":"summary_large_image","twitter_misc":{"\u00c9crit par":"Leonard Acosta","Dur\u00e9e de lecture estim\u00e9e":"5 minutes"},"schema":{"@context":"https:\/\/schema.org","@graph":[{"@type":"WebPage","@id":"https:\/\/elukelele.com\/fr\/uncategorized\/jane-fonda-reflechit-a-une-annee-difficile-marquee-par-de-profondes-pertes\/","url":"https:\/\/elukelele.com\/fr\/uncategorized\/jane-fonda-reflechit-a-une-annee-difficile-marquee-par-de-profondes-pertes\/","name":"Jane Fonda R\u00e9fl\u00e9chit \u00e0 une Ann\u00e9e Difficile Marqu\u00e9e par de Profondes Pertes","isPartOf":{"@id":"https:\/\/elukelele.com\/fr\/#website"},"primaryImageOfPage":{"@id":"https:\/\/elukelele.com\/fr\/uncategorized\/jane-fonda-reflechit-a-une-annee-difficile-marquee-par-de-profondes-pertes\/#primaryimage"},"image":{"@id":"https:\/\/elukelele.com\/fr\/uncategorized\/jane-fonda-reflechit-a-une-annee-difficile-marquee-par-de-profondes-pertes\/#primaryimage"},"thumbnailUrl":"https:\/\/elukelele.com\/fr\/wp-content\/uploads\/2025\/11\/Jane-Fonda.webp","datePublished":"2025-11-17T12:11:37+00:00","dateModified":"2025-11-17T12:11:38+00:00","author":{"@id":"https:\/\/elukelele.com\/fr\/#\/schema\/person\/b244c5a3dbfe03dfac2a278b02f24319"},"breadcrumb":{"@id":"https:\/\/elukelele.com\/fr\/uncategorized\/jane-fonda-reflechit-a-une-annee-difficile-marquee-par-de-profondes-pertes\/#breadcrumb"},"inLanguage":"fr-FR","potentialAction":[{"@type":"ReadAction","target":["https:\/\/elukelele.com\/fr\/uncategorized\/jane-fonda-reflechit-a-une-annee-difficile-marquee-par-de-profondes-pertes\/"]}]},{"@type":"ImageObject","inLanguage":"fr-FR","@id":"https:\/\/elukelele.com\/fr\/uncategorized\/jane-fonda-reflechit-a-une-annee-difficile-marquee-par-de-profondes-pertes\/#primaryimage","url":"https:\/\/elukelele.com\/fr\/wp-content\/uploads\/2025\/11\/Jane-Fonda.webp","contentUrl":"https:\/\/elukelele.com\/fr\/wp-content\/uploads\/2025\/11\/Jane-Fonda.webp","width":1200,"height":700,"caption":"Jane Fonda"},{"@type":"BreadcrumbList","@id":"https:\/\/elukelele.com\/fr\/uncategorized\/jane-fonda-reflechit-a-une-annee-difficile-marquee-par-de-profondes-pertes\/#breadcrumb","itemListElement":[{"@type":"ListItem","position":1,"name":"Home","item":"https:\/\/elukelele.com\/fr\/"},{"@type":"ListItem","position":2,"name":"Jane Fonda R\u00e9fl\u00e9chit \u00e0 une Ann\u00e9e Difficile Marqu\u00e9e par de Profondes Pertes"}]},{"@type":"WebSite","@id":"https:\/\/elukelele.com\/fr\/#website","url":"https:\/\/elukelele.com\/fr\/","name":"El Ukelele","description":"Musique au-del\u00e0 de l&#039;indie","potentialAction":[{"@type":"SearchAction","target":{"@type":"EntryPoint","urlTemplate":"https:\/\/elukelele.com\/fr\/?s={search_term_string}"},"query-input":{"@type":"PropertyValueSpecification","valueRequired":true,"valueName":"search_term_string"}}],"inLanguage":"fr-FR"},{"@type":"Person","@id":"https:\/\/elukelele.com\/fr\/#\/schema\/person\/b244c5a3dbfe03dfac2a278b02f24319","name":"Leonard Acosta","image":{"@type":"ImageObject","inLanguage":"fr-FR","@id":"https:\/\/elukelele.com\/fr\/#\/schema\/person\/image\/","url":"https:\/\/secure.gravatar.com\/avatar\/9a4151cab1bcf54461dc177aab397fb3edb3dccb7ba7f99e85786bd1810db9b1?s=96&d=mm&r=g","contentUrl":"https:\/\/secure.gravatar.com\/avatar\/9a4151cab1bcf54461dc177aab397fb3edb3dccb7ba7f99e85786bd1810db9b1?s=96&d=mm&r=g","caption":"Leonard Acosta"},"url":"https:\/\/elukelele.com\/fr\/author\/leonard-acosta\/"}]}},"_links":{"self":[{"href":"https:\/\/elukelele.com\/fr\/wp-json\/wp\/v2\/posts\/44574","targetHints":{"allow":["GET"]}}],"collection":[{"href":"https:\/\/elukelele.com\/fr\/wp-json\/wp\/v2\/posts"}],"about":[{"href":"https:\/\/elukelele.com\/fr\/wp-json\/wp\/v2\/types\/post"}],"author":[{"embeddable":true,"href":"https:\/\/elukelele.com\/fr\/wp-json\/wp\/v2\/users\/5"}],"replies":[{"embeddable":true,"href":"https:\/\/elukelele.com\/fr\/wp-json\/wp\/v2\/comments?post=44574"}],"version-history":[{"count":1,"href":"https:\/\/elukelele.com\/fr\/wp-json\/wp\/v2\/posts\/44574\/revisions"}],"predecessor-version":[{"id":44576,"href":"https:\/\/elukelele.com\/fr\/wp-json\/wp\/v2\/posts\/44574\/revisions\/44576"}],"wp:featuredmedia":[{"embeddable":true,"href":"https:\/\/elukelele.com\/fr\/wp-json\/wp\/v2\/media\/44575"}],"wp:attachment":[{"href":"https:\/\/elukelele.com\/fr\/wp-json\/wp\/v2\/media?parent=44574"}],"wp:term":[{"taxonomy":"category","embeddable":true,"href":"https:\/\/elukelele.com\/fr\/wp-json\/wp\/v2\/categories?post=44574"},{"taxonomy":"post_tag","embeddable":true,"href":"https:\/\/elukelele.com\/fr\/wp-json\/wp\/v2\/tags?post=44574"}],"curies":[{"name":"wp","href":"https:\/\/api.w.org\/{rel}","templated":true}]}}