{"id":2007,"date":"2025-11-12T10:15:20","date_gmt":"2025-11-12T10:15:20","guid":{"rendered":"https:\/\/elukelele.com\/en\/?p=2007"},"modified":"2025-11-12T10:15:20","modified_gmt":"2025-11-12T10:15:20","slug":"the-silent-run-debuts-trailer-ahead-of-world-premiere-at-cairo-film-festival-exclusive","status":"publish","type":"post","link":"https:\/\/elukelele.com\/en\/entertainment\/the-silent-run-debuts-trailer-ahead-of-world-premiere-at-cairo-film-festival-exclusive\/","title":{"rendered":"&#8216;The Silent Run&#8217; Debuts Trailer Ahead of World Premiere at Cairo Film Festival (EXCLUSIVE)"},"content":{"rendered":"\n<p>The cinematic landscape is abuzz with anticipation as Marta Bergman&#8217;s latest drama, &#8220;L\u2019enfant b\u00e9lier,&#8221; internationally known as &#8216;The Silent Run,&#8217; has unveiled its trailer. This significant debut precedes the film&#8217;s world premiere, set to take place in the International Competition section of the prestigious Cairo Film Festival, marking a key moment for the Belgian-Canadian co-production.<\/p>\n\n\n\n<h2 class=\"wp-block-heading\">&#8216;The Silent Run&#8217; Unveils Gripping Trailer Ahead of Cairo Film Festival Premiere<\/h2>\n\n\n\n<p>Marta Bergman\u2019s &#8220;L\u2019enfant b\u00e9lier&#8221; (The Silent Run) is poised to make a significant impact with its evocative trailer, offering a glimpse into a compelling narrative centered on the perilous journey of migrants. The film will have its world premiere in the International Competition at the Cairo Film Festival, drawing attention to its powerful storytelling and relevant themes.<\/p>\n\n\n\n<h2 class=\"wp-block-heading\">Exploring the Narrative: A Family&#8217;s Desperate Journey<\/h2>\n\n\n\n<p>The heart of &#8216;The Silent Run&#8217; beats with the urgent story of Sara and Adam, along with their two-year-old daughter. Having entered Belgium illegally, their singular focus is on reaching England. The trailer hints at the immense tension and fear that permeate their journey, crammed alongside other migrants in the confines of a van, where hope begins to wane against the crushing weight of their circumstances.<\/p>\n\n\n\n<p>Parallel to their struggle is the narrative of Redouane, a seasoned police officer with two decades of experience, whose nights are spent pursuing smugglers on Belgium\u2019s busy motorway network. The film sets up a dramatic collision course when Redouane&#8217;s team attempts to intercept a van suspected of transporting migrants, leading to a pivotal moment that irrevocably alters the lives of all involved. This dual perspective promises a multifaceted exploration of the migrant crisis, observed from both sides of the harrowing journey.<\/p>\n\n\n\n<h2 class=\"wp-block-heading\">Behind the Scenes: Cast and Creative Team<\/h2>\n\n\n\n<p>The film, which features dialogue in both French and Arabic, brings together a talented ensemble. The cast includes Salim Kechiouche, Zbeida Belhajamor, Clara Toros, and Abda Razak Alsweha, whose performances are expected to bring depth and authenticity to their roles.<\/p>\n\n\n\n<p>The intricate screenplay was a collaborative effort, penned by director Marta Bergman herself, alongside Camille Mol, Ely Chevillot, and Sacha Ferbus. Overseeing the production were Cassandre Warnauts and Jean-Yves Roubin from Frakas Productions, collaborating with Genevi\u00e8ve Lavoie and Richard Angers of Productions des Ann\u00e9es Lumi\u00e8re, ensuring a robust creative and logistical foundation for the project.<\/p>\n\n\n\n<h2 class=\"wp-block-heading\">Marta Bergman&#8217;s Vision: A Director&#8217;s Continuing Exploration<\/h2>\n\n\n\n<p>Born in Bucharest, Marta Bergman initially carved a path as a freelance journalist before transitioning into documentary filmmaking. Her documentary work is notable for its exploration of Romania and the Roma communities, with titles such as \u201cClejani Stories, Histoires, Povesti \u2026,\u201d \u201cHappy Stay,\u201d and \u201cThe Ballad of the Snake, A Gypsy Story.\u201d This background in journalistic inquiry and documentary storytelling undoubtedly informs her approach to fiction, grounding her narratives in a sense of lived reality and social commentary.<\/p>\n\n\n\n<p>In 2018, Bergman made her foray into fiction features with \u201cAlone at My Wedding,\u201d a film produced by Frakas Productions and shot across Belgium and Romania, which garnered selection at ACID in Cannes. &#8216;The Silent Run&#8217; marks her second feature film, further cementing her position as a filmmaker dedicated to poignant and relevant storytelling.<\/p>\n\n\n\n<h2 class=\"wp-block-heading\">International Distribution and Anticipation<\/h2>\n\n\n\n<p>The international sales for &#8216;The Silent Run&#8217; are being managed by B-Rated Intl., indicating a strategic approach to ensure the film reaches a global audience. Early international distributors already attached include Cineclub Internazionale for Italy, Destiny for France, O\u2019Brother for Benelux, and Axia for Canada, signaling strong international interest even before its world premiere.<\/p>\n\n\n\n<p>As &#8216;The Silent Run&#8217; prepares for its world premiere at the Cairo Film Festival, the release of its trailer has effectively amplified anticipation. The film promises a powerful and timely narrative, anchored by strong performances and the thoughtful direction of Marta Bergman. Its selection for a major international competition underscores its potential to resonate with audiences and critics alike, sparking important conversations about human migration and the challenges faced by those seeking a better life.<\/p>\n","protected":false},"excerpt":{"rendered":"<p>The cinematic landscape is abuzz with anticipation as Marta Bergman&#8217;s latest drama, &#8220;L\u2019enfant b\u00e9lier,&#8221; internationally known as &#8216;The Silent Run,&#8217; has unveiled its trailer. This significant debut precedes the film&#8217;s world premiere, set to take place in the International Competition section of the prestigious Cairo Film Festival, marking a key moment for the Belgian-Canadian co-production. [&hellip;]<\/p>\n","protected":false},"author":1,"featured_media":2006,"comment_status":"open","ping_status":"open","sticky":false,"template":"","format":"standard","meta":{"footnotes":""},"categories":[2],"tags":[],"class_list":["post-2007","post","type-post","status-publish","format-standard","has-post-thumbnail","hentry","category-entertainment"],"yoast_head":"<!-- This site is optimized with the Yoast SEO plugin v26.3 - https:\/\/yoast.com\/wordpress\/plugins\/seo\/ -->\n<title>The Silent Run Trailer Sparks Anticipation Before Cairo Film Festival Premiere<\/title>\n<meta name=\"description\" content=\"Discover Marta Bergman\u2019s powerful new film The Silent Run (L\u2019enfant b\u00e9lier), debuting at the Cairo Film Festival.\" \/>\n<meta name=\"robots\" content=\"index, follow, max-snippet:-1, max-image-preview:large, max-video-preview:-1\" \/>\n<link rel=\"canonical\" href=\"https:\/\/elukelele.com\/en\/entertainment\/the-silent-run-debuts-trailer-ahead-of-world-premiere-at-cairo-film-festival-exclusive\/\" \/>\n<meta property=\"og:locale\" content=\"en_US\" \/>\n<meta property=\"og:type\" content=\"article\" \/>\n<meta property=\"og:title\" content=\"The Silent Run Trailer Sparks Anticipation Before Cairo Film Festival Premiere\" \/>\n<meta property=\"og:description\" content=\"Discover Marta Bergman\u2019s powerful new film The Silent Run (L\u2019enfant b\u00e9lier), debuting at the Cairo Film Festival.\" \/>\n<meta property=\"og:url\" content=\"https:\/\/elukelele.com\/en\/entertainment\/the-silent-run-debuts-trailer-ahead-of-world-premiere-at-cairo-film-festival-exclusive\/\" \/>\n<meta property=\"og:site_name\" content=\"Elukelele\" \/>\n<meta property=\"article:publisher\" content=\"https:\/\/www.facebook.com\/elukelele\/\" \/>\n<meta property=\"article:published_time\" content=\"2025-11-12T10:15:20+00:00\" \/>\n<meta property=\"og:image\" content=\"https:\/\/elukelele.com\/en\/wp-content\/uploads\/2025\/11\/framed_only-60.png\" \/>\n\t<meta property=\"og:image:width\" content=\"1200\" \/>\n\t<meta property=\"og:image:height\" content=\"628\" \/>\n\t<meta property=\"og:image:type\" content=\"image\/png\" \/>\n<meta name=\"author\" content=\"Jos\u00e9 Dom\u00ednguez\" \/>\n<meta name=\"twitter:card\" content=\"summary_large_image\" \/>\n<meta name=\"twitter:creator\" content=\"@elukelelemexico\" \/>\n<meta name=\"twitter:site\" content=\"@elukelelemexico\" \/>\n<meta name=\"twitter:label1\" content=\"Written by\" \/>\n\t<meta name=\"twitter:data1\" content=\"Jos\u00e9 Dom\u00ednguez\" \/>\n\t<meta name=\"twitter:label2\" content=\"Est. reading time\" \/>\n\t<meta name=\"twitter:data2\" content=\"4 minutes\" \/>\n<script type=\"application\/ld+json\" class=\"yoast-schema-graph\">{\"@context\":\"https:\/\/schema.org\",\"@graph\":[{\"@type\":\"NewsArticle\",\"@id\":\"https:\/\/elukelele.com\/en\/entertainment\/the-silent-run-debuts-trailer-ahead-of-world-premiere-at-cairo-film-festival-exclusive\/#article\",\"isPartOf\":{\"@id\":\"https:\/\/elukelele.com\/en\/entertainment\/the-silent-run-debuts-trailer-ahead-of-world-premiere-at-cairo-film-festival-exclusive\/\"},\"author\":{\"name\":\"Jos\u00e9 Dom\u00ednguez\",\"@id\":\"https:\/\/elukelele.com\/en\/#\/schema\/person\/f8ca77b8e724c786e4d95002345856b3\"},\"headline\":\"&#8216;The Silent Run&#8217; Debuts Trailer Ahead of World Premiere at Cairo Film Festival (EXCLUSIVE)\",\"datePublished\":\"2025-11-12T10:15:20+00:00\",\"mainEntityOfPage\":{\"@id\":\"https:\/\/elukelele.com\/en\/entertainment\/the-silent-run-debuts-trailer-ahead-of-world-premiere-at-cairo-film-festival-exclusive\/\"},\"wordCount\":680,\"commentCount\":0,\"publisher\":{\"@id\":\"https:\/\/elukelele.com\/en\/#organization\"},\"image\":{\"@id\":\"https:\/\/elukelele.com\/en\/entertainment\/the-silent-run-debuts-trailer-ahead-of-world-premiere-at-cairo-film-festival-exclusive\/#primaryimage\"},\"thumbnailUrl\":\"https:\/\/elukelele.com\/en\/wp-content\/uploads\/2025\/11\/framed_only-60.png\",\"articleSection\":[\"Entertainment\"],\"inLanguage\":\"en-US\",\"potentialAction\":[{\"@type\":\"CommentAction\",\"name\":\"Comment\",\"target\":[\"https:\/\/elukelele.com\/en\/entertainment\/the-silent-run-debuts-trailer-ahead-of-world-premiere-at-cairo-film-festival-exclusive\/#respond\"]}]},{\"@type\":\"WebPage\",\"@id\":\"https:\/\/elukelele.com\/en\/entertainment\/the-silent-run-debuts-trailer-ahead-of-world-premiere-at-cairo-film-festival-exclusive\/\",\"url\":\"https:\/\/elukelele.com\/en\/entertainment\/the-silent-run-debuts-trailer-ahead-of-world-premiere-at-cairo-film-festival-exclusive\/\",\"name\":\"The Silent Run Trailer Sparks Anticipation Before Cairo Film Festival Premiere\",\"isPartOf\":{\"@id\":\"https:\/\/elukelele.com\/en\/#website\"},\"primaryImageOfPage\":{\"@id\":\"https:\/\/elukelele.com\/en\/entertainment\/the-silent-run-debuts-trailer-ahead-of-world-premiere-at-cairo-film-festival-exclusive\/#primaryimage\"},\"image\":{\"@id\":\"https:\/\/elukelele.com\/en\/entertainment\/the-silent-run-debuts-trailer-ahead-of-world-premiere-at-cairo-film-festival-exclusive\/#primaryimage\"},\"thumbnailUrl\":\"https:\/\/elukelele.com\/en\/wp-content\/uploads\/2025\/11\/framed_only-60.png\",\"datePublished\":\"2025-11-12T10:15:20+00:00\",\"description\":\"Discover Marta Bergman\u2019s powerful new film The Silent Run (L\u2019enfant b\u00e9lier), debuting at the Cairo Film Festival.\",\"breadcrumb\":{\"@id\":\"https:\/\/elukelele.com\/en\/entertainment\/the-silent-run-debuts-trailer-ahead-of-world-premiere-at-cairo-film-festival-exclusive\/#breadcrumb\"},\"inLanguage\":\"en-US\",\"potentialAction\":[{\"@type\":\"ReadAction\",\"target\":[\"https:\/\/elukelele.com\/en\/entertainment\/the-silent-run-debuts-trailer-ahead-of-world-premiere-at-cairo-film-festival-exclusive\/\"]}]},{\"@type\":\"ImageObject\",\"inLanguage\":\"en-US\",\"@id\":\"https:\/\/elukelele.com\/en\/entertainment\/the-silent-run-debuts-trailer-ahead-of-world-premiere-at-cairo-film-festival-exclusive\/#primaryimage\",\"url\":\"https:\/\/elukelele.com\/en\/wp-content\/uploads\/2025\/11\/framed_only-60.png\",\"contentUrl\":\"https:\/\/elukelele.com\/en\/wp-content\/uploads\/2025\/11\/framed_only-60.png\",\"width\":1200,\"height\":628,\"caption\":\"Silent\"},{\"@type\":\"BreadcrumbList\",\"@id\":\"https:\/\/elukelele.com\/en\/entertainment\/the-silent-run-debuts-trailer-ahead-of-world-premiere-at-cairo-film-festival-exclusive\/#breadcrumb\",\"itemListElement\":[{\"@type\":\"ListItem\",\"position\":1,\"name\":\"Home\",\"item\":\"https:\/\/elukelele.com\/en\/\"},{\"@type\":\"ListItem\",\"position\":2,\"name\":\"&#8216;The Silent Run&#8217; Debuts Trailer Ahead of World Premiere at Cairo Film Festival (EXCLUSIVE)\"}]},{\"@type\":\"WebSite\",\"@id\":\"https:\/\/elukelele.com\/en\/#website\",\"url\":\"https:\/\/elukelele.com\/en\/\",\"name\":\"Elukelele\",\"description\":\"\",\"publisher\":{\"@id\":\"https:\/\/elukelele.com\/en\/#organization\"},\"potentialAction\":[{\"@type\":\"SearchAction\",\"target\":{\"@type\":\"EntryPoint\",\"urlTemplate\":\"https:\/\/elukelele.com\/en\/?s={search_term_string}\"},\"query-input\":{\"@type\":\"PropertyValueSpecification\",\"valueRequired\":true,\"valueName\":\"search_term_string\"}}],\"inLanguage\":\"en-US\"},{\"@type\":\"Organization\",\"@id\":\"https:\/\/elukelele.com\/en\/#organization\",\"name\":\"elukelele\",\"url\":\"https:\/\/elukelele.com\/en\/\",\"logo\":{\"@type\":\"ImageObject\",\"inLanguage\":\"en-US\",\"@id\":\"https:\/\/elukelele.com\/en\/#\/schema\/logo\/image\/\",\"url\":\"https:\/\/elukelele.com\/en\/wp-content\/uploads\/2025\/07\/cropped-EL-UKELELE-logo-e1750076399110.png\",\"contentUrl\":\"https:\/\/elukelele.com\/en\/wp-content\/uploads\/2025\/07\/cropped-EL-UKELELE-logo-e1750076399110.png\",\"width\":512,\"height\":512,\"caption\":\"elukelele\"},\"image\":{\"@id\":\"https:\/\/elukelele.com\/en\/#\/schema\/logo\/image\/\"},\"sameAs\":[\"https:\/\/www.facebook.com\/elukelele\/\",\"https:\/\/x.com\/elukelelemexico\"]},{\"@type\":\"Person\",\"@id\":\"https:\/\/elukelele.com\/en\/#\/schema\/person\/f8ca77b8e724c786e4d95002345856b3\",\"name\":\"Jos\u00e9 Dom\u00ednguez\",\"image\":{\"@type\":\"ImageObject\",\"inLanguage\":\"en-US\",\"@id\":\"https:\/\/elukelele.com\/en\/#\/schema\/person\/image\/\",\"url\":\"https:\/\/secure.gravatar.com\/avatar\/51026933b1acadb7f69e7d201be1f059b5f1c5cbf301b46ab71ef5102bf139c8?s=96&d=mm&r=g\",\"contentUrl\":\"https:\/\/secure.gravatar.com\/avatar\/51026933b1acadb7f69e7d201be1f059b5f1c5cbf301b46ab71ef5102bf139c8?s=96&d=mm&r=g\",\"caption\":\"Jos\u00e9 Dom\u00ednguez\"},\"description\":\"El Ukelele, Accredited, Other Voices, Indie Mexico and many more...\",\"sameAs\":[\"https:\/\/elukelele.com\/en\"],\"url\":\"https:\/\/elukelele.com\/en\/author\/admin\/\"}]}<\/script>\n<!-- \/ Yoast SEO plugin. -->","yoast_head_json":{"title":"The Silent Run Trailer Sparks Anticipation Before Cairo Film Festival Premiere","description":"Discover Marta Bergman\u2019s powerful new film The Silent Run (L\u2019enfant b\u00e9lier), debuting at the Cairo Film Festival.","robots":{"index":"index","follow":"follow","max-snippet":"max-snippet:-1","max-image-preview":"max-image-preview:large","max-video-preview":"max-video-preview:-1"},"canonical":"https:\/\/elukelele.com\/en\/entertainment\/the-silent-run-debuts-trailer-ahead-of-world-premiere-at-cairo-film-festival-exclusive\/","og_locale":"en_US","og_type":"article","og_title":"The Silent Run Trailer Sparks Anticipation Before Cairo Film Festival Premiere","og_description":"Discover Marta Bergman\u2019s powerful new film The Silent Run (L\u2019enfant b\u00e9lier), debuting at the Cairo Film Festival.","og_url":"https:\/\/elukelele.com\/en\/entertainment\/the-silent-run-debuts-trailer-ahead-of-world-premiere-at-cairo-film-festival-exclusive\/","og_site_name":"Elukelele","article_publisher":"https:\/\/www.facebook.com\/elukelele\/","article_published_time":"2025-11-12T10:15:20+00:00","og_image":[{"width":1200,"height":628,"url":"https:\/\/elukelele.com\/en\/wp-content\/uploads\/2025\/11\/framed_only-60.png","type":"image\/png"}],"author":"Jos\u00e9 Dom\u00ednguez","twitter_card":"summary_large_image","twitter_creator":"@elukelelemexico","twitter_site":"@elukelelemexico","twitter_misc":{"Written by":"Jos\u00e9 Dom\u00ednguez","Est. reading time":"4 minutes"},"schema":{"@context":"https:\/\/schema.org","@graph":[{"@type":"NewsArticle","@id":"https:\/\/elukelele.com\/en\/entertainment\/the-silent-run-debuts-trailer-ahead-of-world-premiere-at-cairo-film-festival-exclusive\/#article","isPartOf":{"@id":"https:\/\/elukelele.com\/en\/entertainment\/the-silent-run-debuts-trailer-ahead-of-world-premiere-at-cairo-film-festival-exclusive\/"},"author":{"name":"Jos\u00e9 Dom\u00ednguez","@id":"https:\/\/elukelele.com\/en\/#\/schema\/person\/f8ca77b8e724c786e4d95002345856b3"},"headline":"&#8216;The Silent Run&#8217; Debuts Trailer Ahead of World Premiere at Cairo Film Festival (EXCLUSIVE)","datePublished":"2025-11-12T10:15:20+00:00","mainEntityOfPage":{"@id":"https:\/\/elukelele.com\/en\/entertainment\/the-silent-run-debuts-trailer-ahead-of-world-premiere-at-cairo-film-festival-exclusive\/"},"wordCount":680,"commentCount":0,"publisher":{"@id":"https:\/\/elukelele.com\/en\/#organization"},"image":{"@id":"https:\/\/elukelele.com\/en\/entertainment\/the-silent-run-debuts-trailer-ahead-of-world-premiere-at-cairo-film-festival-exclusive\/#primaryimage"},"thumbnailUrl":"https:\/\/elukelele.com\/en\/wp-content\/uploads\/2025\/11\/framed_only-60.png","articleSection":["Entertainment"],"inLanguage":"en-US","potentialAction":[{"@type":"CommentAction","name":"Comment","target":["https:\/\/elukelele.com\/en\/entertainment\/the-silent-run-debuts-trailer-ahead-of-world-premiere-at-cairo-film-festival-exclusive\/#respond"]}]},{"@type":"WebPage","@id":"https:\/\/elukelele.com\/en\/entertainment\/the-silent-run-debuts-trailer-ahead-of-world-premiere-at-cairo-film-festival-exclusive\/","url":"https:\/\/elukelele.com\/en\/entertainment\/the-silent-run-debuts-trailer-ahead-of-world-premiere-at-cairo-film-festival-exclusive\/","name":"The Silent Run Trailer Sparks Anticipation Before Cairo Film Festival Premiere","isPartOf":{"@id":"https:\/\/elukelele.com\/en\/#website"},"primaryImageOfPage":{"@id":"https:\/\/elukelele.com\/en\/entertainment\/the-silent-run-debuts-trailer-ahead-of-world-premiere-at-cairo-film-festival-exclusive\/#primaryimage"},"image":{"@id":"https:\/\/elukelele.com\/en\/entertainment\/the-silent-run-debuts-trailer-ahead-of-world-premiere-at-cairo-film-festival-exclusive\/#primaryimage"},"thumbnailUrl":"https:\/\/elukelele.com\/en\/wp-content\/uploads\/2025\/11\/framed_only-60.png","datePublished":"2025-11-12T10:15:20+00:00","description":"Discover Marta Bergman\u2019s powerful new film The Silent Run (L\u2019enfant b\u00e9lier), debuting at the Cairo Film Festival.","breadcrumb":{"@id":"https:\/\/elukelele.com\/en\/entertainment\/the-silent-run-debuts-trailer-ahead-of-world-premiere-at-cairo-film-festival-exclusive\/#breadcrumb"},"inLanguage":"en-US","potentialAction":[{"@type":"ReadAction","target":["https:\/\/elukelele.com\/en\/entertainment\/the-silent-run-debuts-trailer-ahead-of-world-premiere-at-cairo-film-festival-exclusive\/"]}]},{"@type":"ImageObject","inLanguage":"en-US","@id":"https:\/\/elukelele.com\/en\/entertainment\/the-silent-run-debuts-trailer-ahead-of-world-premiere-at-cairo-film-festival-exclusive\/#primaryimage","url":"https:\/\/elukelele.com\/en\/wp-content\/uploads\/2025\/11\/framed_only-60.png","contentUrl":"https:\/\/elukelele.com\/en\/wp-content\/uploads\/2025\/11\/framed_only-60.png","width":1200,"height":628,"caption":"Silent"},{"@type":"BreadcrumbList","@id":"https:\/\/elukelele.com\/en\/entertainment\/the-silent-run-debuts-trailer-ahead-of-world-premiere-at-cairo-film-festival-exclusive\/#breadcrumb","itemListElement":[{"@type":"ListItem","position":1,"name":"Home","item":"https:\/\/elukelele.com\/en\/"},{"@type":"ListItem","position":2,"name":"&#8216;The Silent Run&#8217; Debuts Trailer Ahead of World Premiere at Cairo Film Festival (EXCLUSIVE)"}]},{"@type":"WebSite","@id":"https:\/\/elukelele.com\/en\/#website","url":"https:\/\/elukelele.com\/en\/","name":"Elukelele","description":"","publisher":{"@id":"https:\/\/elukelele.com\/en\/#organization"},"potentialAction":[{"@type":"SearchAction","target":{"@type":"EntryPoint","urlTemplate":"https:\/\/elukelele.com\/en\/?s={search_term_string}"},"query-input":{"@type":"PropertyValueSpecification","valueRequired":true,"valueName":"search_term_string"}}],"inLanguage":"en-US"},{"@type":"Organization","@id":"https:\/\/elukelele.com\/en\/#organization","name":"elukelele","url":"https:\/\/elukelele.com\/en\/","logo":{"@type":"ImageObject","inLanguage":"en-US","@id":"https:\/\/elukelele.com\/en\/#\/schema\/logo\/image\/","url":"https:\/\/elukelele.com\/en\/wp-content\/uploads\/2025\/07\/cropped-EL-UKELELE-logo-e1750076399110.png","contentUrl":"https:\/\/elukelele.com\/en\/wp-content\/uploads\/2025\/07\/cropped-EL-UKELELE-logo-e1750076399110.png","width":512,"height":512,"caption":"elukelele"},"image":{"@id":"https:\/\/elukelele.com\/en\/#\/schema\/logo\/image\/"},"sameAs":["https:\/\/www.facebook.com\/elukelele\/","https:\/\/x.com\/elukelelemexico"]},{"@type":"Person","@id":"https:\/\/elukelele.com\/en\/#\/schema\/person\/f8ca77b8e724c786e4d95002345856b3","name":"Jos\u00e9 Dom\u00ednguez","image":{"@type":"ImageObject","inLanguage":"en-US","@id":"https:\/\/elukelele.com\/en\/#\/schema\/person\/image\/","url":"https:\/\/secure.gravatar.com\/avatar\/51026933b1acadb7f69e7d201be1f059b5f1c5cbf301b46ab71ef5102bf139c8?s=96&d=mm&r=g","contentUrl":"https:\/\/secure.gravatar.com\/avatar\/51026933b1acadb7f69e7d201be1f059b5f1c5cbf301b46ab71ef5102bf139c8?s=96&d=mm&r=g","caption":"Jos\u00e9 Dom\u00ednguez"},"description":"El Ukelele, Accredited, Other Voices, Indie Mexico and many more...","sameAs":["https:\/\/elukelele.com\/en"],"url":"https:\/\/elukelele.com\/en\/author\/admin\/"}]}},"_links":{"self":[{"href":"https:\/\/elukelele.com\/en\/wp-json\/wp\/v2\/posts\/2007","targetHints":{"allow":["GET"]}}],"collection":[{"href":"https:\/\/elukelele.com\/en\/wp-json\/wp\/v2\/posts"}],"about":[{"href":"https:\/\/elukelele.com\/en\/wp-json\/wp\/v2\/types\/post"}],"author":[{"embeddable":true,"href":"https:\/\/elukelele.com\/en\/wp-json\/wp\/v2\/users\/1"}],"replies":[{"embeddable":true,"href":"https:\/\/elukelele.com\/en\/wp-json\/wp\/v2\/comments?post=2007"}],"version-history":[{"count":1,"href":"https:\/\/elukelele.com\/en\/wp-json\/wp\/v2\/posts\/2007\/revisions"}],"predecessor-version":[{"id":2015,"href":"https:\/\/elukelele.com\/en\/wp-json\/wp\/v2\/posts\/2007\/revisions\/2015"}],"wp:featuredmedia":[{"embeddable":true,"href":"https:\/\/elukelele.com\/en\/wp-json\/wp\/v2\/media\/2006"}],"wp:attachment":[{"href":"https:\/\/elukelele.com\/en\/wp-json\/wp\/v2\/media?parent=2007"}],"wp:term":[{"taxonomy":"category","embeddable":true,"href":"https:\/\/elukelele.com\/en\/wp-json\/wp\/v2\/categories?post=2007"},{"taxonomy":"post_tag","embeddable":true,"href":"https:\/\/elukelele.com\/en\/wp-json\/wp\/v2\/tags?post=2007"}],"curies":[{"name":"wp","href":"https:\/\/api.w.org\/{rel}","templated":true}]}}